{"id":4780,"date":"2022-06-15T07:55:07","date_gmt":"2022-06-15T11:55:07","guid":{"rendered":"https:\/\/powersustainablelios.com\/?p=4780"},"modified":"2022-06-15T08:10:52","modified_gmt":"2022-06-15T12:10:52","slug":"power-sustainable-annonce-la-premiere-cloture-de-210-m-du-fonds-lios-specialise-en-agroalimentaire","status":"publish","type":"post","link":"https:\/\/powersustainablelios.com\/fr\/power-sustainable-annonce-la-premiere-cloture-de-210-m-du-fonds-lios-specialise-en-agroalimentaire\/","title":{"rendered":"Power Sustainable annonce la premi\u00e8re cl\u00f4ture de 210\u00a0M$ du fonds Lios I sp\u00e9cialis\u00e9 en agroalimentaire"},"content":{"rendered":"<p><em>Power Sustainable Lios accueille un groupe cibl\u00e9 d\u2019investisseurs institutionnels pour son fonds inaugural vou\u00e9 \u00e0 soutenir la transformation de notre syst\u00e8me alimentaire<\/em><br \/>\n<!--more--><\/p>\n<p><strong>Montr\u00e9al (Qu\u00e9bec), le 15\u00a0juin\u00a02022<\/strong> \u2013 Power Sustainable, un gestionnaire multiplateforme d\u2019actifs alternatifs durables, a annonc\u00e9 aujourd\u2019hui la cl\u00f4ture d\u2019un premier engagement de capital de \u00a0210 millions de dollars pour le Fonds Lios I, son fonds inaugural de placements priv\u00e9s dans le domaine agroalimentaire durable. On compte parmi les premiers investisseurs La Compagnie d\u2019Assurance du Canada sur la Vie (la Canada-Vie), Financement agricole Canada (FAC), Exportation et d\u00e9veloppement Canada (EDC), le Fonds de solidarit\u00e9 FTQ, BMO\u00a0Partenaires et la CIBC. Le fonds vise des engagements de capitaux totalisant 300\u00a0millions de dollars et pr\u00e9voit cl\u00f4turer au troisi\u00e8me trimestre de 2022.<\/p>\n<p>Power Sustainable Lios investit dans des entreprises de taille moyenne actives au sein de la cha\u00eene de valeur alimentaire nord-am\u00e9ricaine, en s\u2019associant \u00e0 des propri\u00e9taires et des exploitants pour acc\u00e9l\u00e9rer leur croissance. Par l\u2019entremise de participations majoritaires ou minoritaires importantes, le fonds vise \u00e0 appuyer des entreprises bien positionn\u00e9es pour prioriser et stimuler le d\u00e9veloppement d\u2019une cha\u00eene de valeur alimentaire durable, et \u00e0 en accro\u00eetre la r\u00e9silience face aux comportements \u00e9volutifs des consommateurs et aux ressources naturelles limit\u00e9es.<\/p>\n<p>\u00ab\u00a0Nous sommes ravis d\u2019accueillir un premier groupe de partenaires qui voient \u00e9galement dans le d\u00e9veloppement durable un puissant moteur de cr\u00e9ation de valeur\u00a0\u00bb, a d\u00e9clar\u00e9 Olivier\u00a0Desmarais, pr\u00e9sident du conseil et chef de la direction de Power Sustainable. \u00ab\u00a0Nous soutiendrons la prochaine g\u00e9n\u00e9ration d\u2019entreprises nord-am\u00e9ricaines qui transforment le syst\u00e8me alimentaire tout en r\u00e9pondant \u00e0 la demande croissante des consommateurs pour des alternatives responsables, cr\u00e9ant ainsi de la valeur pour nos clients, les entreprises de notre portefeuille et la collectivit\u00e9.\u00a0\u00bb<\/p>\n<p>\u00ab\u00a0En tant qu\u2019investisseurs sp\u00e9cialis\u00e9s dans l\u2019agroalimentaire, nous pensons que nos connaissances op\u00e9rationnelles de l\u2019industrie, combin\u00e9es \u00e0 notre solide exp\u00e9rience sectorielle, font de nous un partenaire de choix dans ce domaine \u00bb, a soutenu Jonathan\u00a0Belair, associ\u00e9-directeur de Power Sustainable Lios. \u00ab\u00a0Notre objectif principal est d\u2019appuyer des entreprises en mettant \u00e0 profit notre compr\u00e9hension approfondie du secteur et notre vaste r\u00e9seau en Am\u00e9rique du Nord. Notre apport strat\u00e9gique va au-del\u00e0 du capital, et vise \u00e0 stimuler une croissance durable et un changement transformateur. Nous sommes heureux d\u2019accueillir des partenaires institutionnels qui partagent notre vision au sein du Fonds Lios I.\u00a0\u00bb<\/p>\n<p>\u00ab\u00a0Financement agricole Canada agit comme catalyseur au sein de l\u2019industrie agricole et alimentaire canadienne \u00bb, a d\u00e9clar\u00e9 Rebbecca Clarke, vice-pr\u00e9sidente et tr\u00e9sori\u00e8re, FAC. \u00ab\u00a0Cet investissement t\u00e9moigne de notre engagement \u00e0 valoriser le d\u00e9veloppement durable de la cha\u00eene de valeur agroalimentaire, ce qui est essentiel au succ\u00e8s de nos clients, de l\u2019industrie et de notre plan\u00e8te.\u00a0\u00bb<\/p>\n<p>\u00ab Nous sommes heureux d&rsquo;appuyer Power Sustainable Lios dans la cr\u00e9ation de son fonds de placements priv\u00e9s d\u00e9di\u00e9 aux investissements dans des entreprises de taille moyenne qui innovent dans le secteur agroalimentaire durable \u00bb, a d\u00e9clar\u00e9 Carl Burlock, vice-pr\u00e9sident ex\u00e9cutif et chef des affaires commerciales d&rsquo;EDC. \u00ab D\u2019un point de vue commercial, les exportations agricoles contribuent de fa\u00e7on importante \u00e0 notre \u00e9conomie. EDC favorise donc la croissance et l&rsquo;investissement aupr\u00e8s d\u2019exportateurs agroalimentaires canadiens en collaborant avec des partenaires comme Power Sustainable Lios. Gr\u00e2ce \u00e0 ces collaborations, nous pouvons collectivement r\u00e9pondre \u00e0 la demande mondiale croissante en nourriture tout en d\u00e9veloppant de nouvelles m\u00e9thodes plus durables pour exporter des aliments dans le monde entier. \u00bb<\/p>\n<p>\u00ab La participation du Fonds de solidarit\u00e9 FTQ s\u2019arrime avec notre mission actuelle d\u2019encourager et de soutenir les entreprises d\u2019ici dans le secteur agroalimentaire. Ce fonds leur permettra d\u2019\u00eatre mieux outill\u00e9es pour innover face aux d\u00e9fis actuels. Ce partenariat s\u2019ajoute \u00e9galement \u00e0 des investissements historiques de pr\u00e8s de 1,3 milliard dans le secteur agroalimentaire \u00bb, ajoute Dany Pelletier, premier vice-pr\u00e9sident, placements priv\u00e9s et investissements d\u2019impact du Fonds de solidarit\u00e9 FTQ.<\/p>\n<p>Power Sustainable Lios, la plus r\u00e9cente plateforme d\u2019investissement de Power Sustainable, s\u2019ajoute \u00e0 ses plateformes de placements priv\u00e9s en infrastructure \u00e9nerg\u00e9tique et d\u2019actions dans des soci\u00e9t\u00e9s chinoises publiques. Pour en savoir plus sur Power Sustainable Lios, consultez le site <a href=\"https:\/\/www.powersustainablelios.com\/fr\/\">www.powersustainablelios.com\/fr\/<\/a>.<\/p>\n<p>&nbsp;<\/p>\n<h2><strong>\u00c0 propos de Power Sustainable<\/strong><\/h2>\n<p>Power Sustainable est un gestionnaire d\u2019actifs\u00a0mondial\u00a0sp\u00e9cialis\u00e9 dans les strat\u00e9gies de d\u00e9veloppement durable,\u00a0avec des bureaux\u00a0au Canada, en Chine et aux \u00c9tats-Unis. Nos \u00e9quipes investissent dans des entreprises et des projets qui ont le potentiel de g\u00e9n\u00e9rer des rendements tout en contribuant \u00e0 la d\u00e9carbonisation, au progr\u00e8s social et \u00e0 une croissance de qualit\u00e9. Avec environ\u00a04,2\u00a0milliards CAD en actifs sous gestion, Power Sustainable\u00a0d\u00e9ploie du capital patient et cibl\u00e9\u00a0en infrastructure, en placements priv\u00e9s et dans les march\u00e9s boursiers. \u00a0Pour plus de renseignements, visitez le <a href=\"https:\/\/www.powersustainable.com\/fr\/\">http:\/\/www.powersustainable.com\/fr\/<\/a>.<\/p>\n<p>&nbsp;<\/p>\n<h2><strong>Pour les investisseurs<\/strong><\/h2>\n<p>David\u00a0Gagnon, associ\u00e9<br \/>\nPower Sustainable<br \/>\n<a href=\"mailto:ir@powersustainable.com\">ir@powersustainable.com<\/a><\/p>\n<h2><strong>Pour les repr\u00e9sentants des m\u00e9dias<\/strong><\/h2>\n<p>Catherine\u00a0Thibault, cheffe des Communications<br \/>\nPower\u00a0Sustainable<br \/>\n+1-438-300-1504<br \/>\n<a href=\"mailto:pr@powersustainable.com\">pr@powersustainable.com<\/a><\/p>\n","protected":false},"excerpt":{"rendered":"<p>Power Sustainable Lios accueille un groupe cibl\u00e9 d\u2019investisseurs institutionnels pour son fonds inaugural vou\u00e9 \u00e0 soutenir la transformation de notre syst\u00e8me alimentaire<\/p>\n","protected":false},"author":1,"featured_media":4802,"comment_status":"closed","ping_status":"closed","sticky":false,"template":"","format":"standard","meta":{"_acf_changed":false,"inline_featured_image":false,"footnotes":""},"categories":[34],"tags":[],"class_list":["post-4780","post","type-post","status-publish","format-standard","has-post-thumbnail","hentry","category-communique-de-presse"],"acf":[],"yoast_head":"<!-- This site is optimized with the Yoast SEO plugin v27.5 - https:\/\/yoast.com\/product\/yoast-seo-wordpress\/ -->\n<title>Power Sustainable annonce la premi\u00e8re cl\u00f4ture de 210\u00a0M$ du fonds Lios I sp\u00e9cialis\u00e9 en agroalimentaire - Power Sustainable Lios<\/title>\n<meta name=\"robots\" content=\"index, follow, max-snippet:-1, max-image-preview:large, max-video-preview:-1\" \/>\n<link rel=\"canonical\" href=\"https:\/\/powersustainablelios.com\/fr\/power-sustainable-annonce-la-premiere-cloture-de-210-m-du-fonds-lios-specialise-en-agroalimentaire\/\" \/>\n<meta property=\"og:locale\" content=\"fr_CA\" \/>\n<meta property=\"og:type\" content=\"article\" \/>\n<meta property=\"og:title\" content=\"Power Sustainable annonce la premi\u00e8re cl\u00f4ture de 210\u00a0M$ du fonds Lios I sp\u00e9cialis\u00e9 en agroalimentaire - Power Sustainable Lios\" \/>\n<meta property=\"og:description\" content=\"Power Sustainable Lios accueille un groupe cibl\u00e9 d\u2019investisseurs institutionnels pour son fonds inaugural vou\u00e9 \u00e0 soutenir la transformation de notre syst\u00e8me alimentaire\" \/>\n<meta property=\"og:url\" content=\"https:\/\/powersustainablelios.com\/fr\/power-sustainable-annonce-la-premiere-cloture-de-210-m-du-fonds-lios-specialise-en-agroalimentaire\/\" \/>\n<meta property=\"og:site_name\" content=\"Power Sustainable Lios\" \/>\n<meta property=\"article:published_time\" content=\"2022-06-15T11:55:07+00:00\" \/>\n<meta property=\"article:modified_time\" content=\"2022-06-15T12:10:52+00:00\" \/>\n<meta property=\"og:image\" content=\"https:\/\/powersustainablelios.com\/wp-content\/uploads\/2022\/06\/investing_in_sustainability_panel_image_0_75_2800_banner_fr_3.png\" \/>\n\t<meta property=\"og:image:width\" content=\"1536\" \/>\n\t<meta property=\"og:image:height\" content=\"552\" \/>\n\t<meta property=\"og:image:type\" content=\"image\/png\" \/>\n<meta name=\"author\" content=\"TedADM1eD3\" \/>\n<meta name=\"twitter:card\" content=\"summary_large_image\" \/>\n<meta name=\"twitter:label1\" content=\"\u00c9crit par\" \/>\n\t<meta name=\"twitter:data1\" content=\"TedADM1eD3\" \/>\n\t<meta name=\"twitter:label2\" content=\"Estimation du temps de lecture\" \/>\n\t<meta name=\"twitter:data2\" content=\"4 minutes\" \/>\n<script type=\"application\/ld+json\" class=\"yoast-schema-graph\">{\"@context\":\"https:\\\/\\\/schema.org\",\"@graph\":[{\"@type\":\"Article\",\"@id\":\"https:\\\/\\\/powersustainablelios.com\\\/fr\\\/power-sustainable-annonce-la-premiere-cloture-de-210-m-du-fonds-lios-specialise-en-agroalimentaire\\\/#article\",\"isPartOf\":{\"@id\":\"https:\\\/\\\/powersustainablelios.com\\\/fr\\\/power-sustainable-annonce-la-premiere-cloture-de-210-m-du-fonds-lios-specialise-en-agroalimentaire\\\/\"},\"author\":{\"name\":\"TedADM1eD3\",\"@id\":\"https:\\\/\\\/powersustainablelios.com\\\/#\\\/schema\\\/person\\\/6596d538e29bd4bb483e9f389b89d9bc\"},\"headline\":\"Power Sustainable annonce la premi\u00e8re cl\u00f4ture de 210\u00a0M$ du fonds Lios I sp\u00e9cialis\u00e9 en agroalimentaire\",\"datePublished\":\"2022-06-15T11:55:07+00:00\",\"dateModified\":\"2022-06-15T12:10:52+00:00\",\"mainEntityOfPage\":{\"@id\":\"https:\\\/\\\/powersustainablelios.com\\\/fr\\\/power-sustainable-annonce-la-premiere-cloture-de-210-m-du-fonds-lios-specialise-en-agroalimentaire\\\/\"},\"wordCount\":891,\"publisher\":{\"@id\":\"https:\\\/\\\/powersustainablelios.com\\\/#organization\"},\"image\":{\"@id\":\"https:\\\/\\\/powersustainablelios.com\\\/fr\\\/power-sustainable-annonce-la-premiere-cloture-de-210-m-du-fonds-lios-specialise-en-agroalimentaire\\\/#primaryimage\"},\"thumbnailUrl\":\"https:\\\/\\\/powersustainablelios.com\\\/wp-content\\\/uploads\\\/2022\\\/06\\\/investing_in_sustainability_panel_image_0_75_2800_banner_fr_3.png\",\"articleSection\":[\"Communiqu\u00e9 de presse\"],\"inLanguage\":\"fr-CA\"},{\"@type\":\"WebPage\",\"@id\":\"https:\\\/\\\/powersustainablelios.com\\\/fr\\\/power-sustainable-annonce-la-premiere-cloture-de-210-m-du-fonds-lios-specialise-en-agroalimentaire\\\/\",\"url\":\"https:\\\/\\\/powersustainablelios.com\\\/fr\\\/power-sustainable-annonce-la-premiere-cloture-de-210-m-du-fonds-lios-specialise-en-agroalimentaire\\\/\",\"name\":\"Power Sustainable annonce la premi\u00e8re cl\u00f4ture de 210\u00a0M$ du fonds Lios I sp\u00e9cialis\u00e9 en agroalimentaire - Power Sustainable Lios\",\"isPartOf\":{\"@id\":\"https:\\\/\\\/powersustainablelios.com\\\/#website\"},\"primaryImageOfPage\":{\"@id\":\"https:\\\/\\\/powersustainablelios.com\\\/fr\\\/power-sustainable-annonce-la-premiere-cloture-de-210-m-du-fonds-lios-specialise-en-agroalimentaire\\\/#primaryimage\"},\"image\":{\"@id\":\"https:\\\/\\\/powersustainablelios.com\\\/fr\\\/power-sustainable-annonce-la-premiere-cloture-de-210-m-du-fonds-lios-specialise-en-agroalimentaire\\\/#primaryimage\"},\"thumbnailUrl\":\"https:\\\/\\\/powersustainablelios.com\\\/wp-content\\\/uploads\\\/2022\\\/06\\\/investing_in_sustainability_panel_image_0_75_2800_banner_fr_3.png\",\"datePublished\":\"2022-06-15T11:55:07+00:00\",\"dateModified\":\"2022-06-15T12:10:52+00:00\",\"breadcrumb\":{\"@id\":\"https:\\\/\\\/powersustainablelios.com\\\/fr\\\/power-sustainable-annonce-la-premiere-cloture-de-210-m-du-fonds-lios-specialise-en-agroalimentaire\\\/#breadcrumb\"},\"inLanguage\":\"fr-CA\",\"potentialAction\":[{\"@type\":\"ReadAction\",\"target\":[\"https:\\\/\\\/powersustainablelios.com\\\/fr\\\/power-sustainable-annonce-la-premiere-cloture-de-210-m-du-fonds-lios-specialise-en-agroalimentaire\\\/\"]}]},{\"@type\":\"ImageObject\",\"inLanguage\":\"fr-CA\",\"@id\":\"https:\\\/\\\/powersustainablelios.com\\\/fr\\\/power-sustainable-annonce-la-premiere-cloture-de-210-m-du-fonds-lios-specialise-en-agroalimentaire\\\/#primaryimage\",\"url\":\"https:\\\/\\\/powersustainablelios.com\\\/wp-content\\\/uploads\\\/2022\\\/06\\\/investing_in_sustainability_panel_image_0_75_2800_banner_fr_3.png\",\"contentUrl\":\"https:\\\/\\\/powersustainablelios.com\\\/wp-content\\\/uploads\\\/2022\\\/06\\\/investing_in_sustainability_panel_image_0_75_2800_banner_fr_3.png\",\"width\":1536,\"height\":552,\"caption\":\"Power Sustainable annonce la premi\u00e8re cl\u00f4ture de 210\u00a0M$ du fonds Lios | sp\u00e9cialis\u00e9 en agroalimentaire\"},{\"@type\":\"BreadcrumbList\",\"@id\":\"https:\\\/\\\/powersustainablelios.com\\\/fr\\\/power-sustainable-annonce-la-premiere-cloture-de-210-m-du-fonds-lios-specialise-en-agroalimentaire\\\/#breadcrumb\",\"itemListElement\":[{\"@type\":\"ListItem\",\"position\":1,\"name\":\"Home\",\"item\":\"https:\\\/\\\/powersustainablelios.com\\\/fr\\\/\"},{\"@type\":\"ListItem\",\"position\":2,\"name\":\"Power Sustainable annonce la premi\u00e8re cl\u00f4ture de 210\u00a0M$ du fonds Lios I sp\u00e9cialis\u00e9 en agroalimentaire\"}]},{\"@type\":\"WebSite\",\"@id\":\"https:\\\/\\\/powersustainablelios.com\\\/#website\",\"url\":\"https:\\\/\\\/powersustainablelios.com\\\/\",\"name\":\"Power Sustainable Lios\",\"description\":\"\",\"publisher\":{\"@id\":\"https:\\\/\\\/powersustainablelios.com\\\/#organization\"},\"potentialAction\":[{\"@type\":\"SearchAction\",\"target\":{\"@type\":\"EntryPoint\",\"urlTemplate\":\"https:\\\/\\\/powersustainablelios.com\\\/?s={search_term_string}\"},\"query-input\":{\"@type\":\"PropertyValueSpecification\",\"valueRequired\":true,\"valueName\":\"search_term_string\"}}],\"inLanguage\":\"fr-CA\"},{\"@type\":\"Organization\",\"@id\":\"https:\\\/\\\/powersustainablelios.com\\\/#organization\",\"name\":\"Power Sustainable Lios\",\"url\":\"https:\\\/\\\/powersustainablelios.com\\\/\",\"logo\":{\"@type\":\"ImageObject\",\"inLanguage\":\"fr-CA\",\"@id\":\"https:\\\/\\\/powersustainablelios.com\\\/#\\\/schema\\\/logo\\\/image\\\/\",\"url\":\"https:\\\/\\\/powersustainablelios.com\\\/wp-content\\\/uploads\\\/2022\\\/03\\\/PowerSustainable_Lios_Red.png\",\"contentUrl\":\"https:\\\/\\\/powersustainablelios.com\\\/wp-content\\\/uploads\\\/2022\\\/03\\\/PowerSustainable_Lios_Red.png\",\"width\":745,\"height\":166,\"caption\":\"Power Sustainable Lios\"},\"image\":{\"@id\":\"https:\\\/\\\/powersustainablelios.com\\\/#\\\/schema\\\/logo\\\/image\\\/\"}},{\"@type\":\"Person\",\"@id\":\"https:\\\/\\\/powersustainablelios.com\\\/#\\\/schema\\\/person\\\/6596d538e29bd4bb483e9f389b89d9bc\",\"name\":\"TedADM1eD3\",\"image\":{\"@type\":\"ImageObject\",\"inLanguage\":\"fr-CA\",\"@id\":\"https:\\\/\\\/secure.gravatar.com\\\/avatar\\\/2ecef7e38b3eb3e8647895e372a15f587c1831a61f0c19a241a7e6002711c676?s=96&d=mm&r=g\",\"url\":\"https:\\\/\\\/secure.gravatar.com\\\/avatar\\\/2ecef7e38b3eb3e8647895e372a15f587c1831a61f0c19a241a7e6002711c676?s=96&d=mm&r=g\",\"contentUrl\":\"https:\\\/\\\/secure.gravatar.com\\\/avatar\\\/2ecef7e38b3eb3e8647895e372a15f587c1831a61f0c19a241a7e6002711c676?s=96&d=mm&r=g\",\"caption\":\"TedADM1eD3\"},\"sameAs\":[\"http:\\\/\\\/powersustainablelios.com\"]}]}<\/script>\n<!-- \/ Yoast SEO plugin. -->","yoast_head_json":{"title":"Power Sustainable annonce la premi\u00e8re cl\u00f4ture de 210\u00a0M$ du fonds Lios I sp\u00e9cialis\u00e9 en agroalimentaire - Power Sustainable Lios","robots":{"index":"index","follow":"follow","max-snippet":"max-snippet:-1","max-image-preview":"max-image-preview:large","max-video-preview":"max-video-preview:-1"},"canonical":"https:\/\/powersustainablelios.com\/fr\/power-sustainable-annonce-la-premiere-cloture-de-210-m-du-fonds-lios-specialise-en-agroalimentaire\/","og_locale":"fr_CA","og_type":"article","og_title":"Power Sustainable annonce la premi\u00e8re cl\u00f4ture de 210\u00a0M$ du fonds Lios I sp\u00e9cialis\u00e9 en agroalimentaire - Power Sustainable Lios","og_description":"Power Sustainable Lios accueille un groupe cibl\u00e9 d\u2019investisseurs institutionnels pour son fonds inaugural vou\u00e9 \u00e0 soutenir la transformation de notre syst\u00e8me alimentaire","og_url":"https:\/\/powersustainablelios.com\/fr\/power-sustainable-annonce-la-premiere-cloture-de-210-m-du-fonds-lios-specialise-en-agroalimentaire\/","og_site_name":"Power Sustainable Lios","article_published_time":"2022-06-15T11:55:07+00:00","article_modified_time":"2022-06-15T12:10:52+00:00","og_image":[{"width":1536,"height":552,"url":"https:\/\/powersustainablelios.com\/wp-content\/uploads\/2022\/06\/investing_in_sustainability_panel_image_0_75_2800_banner_fr_3.png","type":"image\/png"}],"author":"TedADM1eD3","twitter_card":"summary_large_image","twitter_misc":{"\u00c9crit par":"TedADM1eD3","Estimation du temps de lecture":"4 minutes"},"schema":{"@context":"https:\/\/schema.org","@graph":[{"@type":"Article","@id":"https:\/\/powersustainablelios.com\/fr\/power-sustainable-annonce-la-premiere-cloture-de-210-m-du-fonds-lios-specialise-en-agroalimentaire\/#article","isPartOf":{"@id":"https:\/\/powersustainablelios.com\/fr\/power-sustainable-annonce-la-premiere-cloture-de-210-m-du-fonds-lios-specialise-en-agroalimentaire\/"},"author":{"name":"TedADM1eD3","@id":"https:\/\/powersustainablelios.com\/#\/schema\/person\/6596d538e29bd4bb483e9f389b89d9bc"},"headline":"Power Sustainable annonce la premi\u00e8re cl\u00f4ture de 210\u00a0M$ du fonds Lios I sp\u00e9cialis\u00e9 en agroalimentaire","datePublished":"2022-06-15T11:55:07+00:00","dateModified":"2022-06-15T12:10:52+00:00","mainEntityOfPage":{"@id":"https:\/\/powersustainablelios.com\/fr\/power-sustainable-annonce-la-premiere-cloture-de-210-m-du-fonds-lios-specialise-en-agroalimentaire\/"},"wordCount":891,"publisher":{"@id":"https:\/\/powersustainablelios.com\/#organization"},"image":{"@id":"https:\/\/powersustainablelios.com\/fr\/power-sustainable-annonce-la-premiere-cloture-de-210-m-du-fonds-lios-specialise-en-agroalimentaire\/#primaryimage"},"thumbnailUrl":"https:\/\/powersustainablelios.com\/wp-content\/uploads\/2022\/06\/investing_in_sustainability_panel_image_0_75_2800_banner_fr_3.png","articleSection":["Communiqu\u00e9 de presse"],"inLanguage":"fr-CA"},{"@type":"WebPage","@id":"https:\/\/powersustainablelios.com\/fr\/power-sustainable-annonce-la-premiere-cloture-de-210-m-du-fonds-lios-specialise-en-agroalimentaire\/","url":"https:\/\/powersustainablelios.com\/fr\/power-sustainable-annonce-la-premiere-cloture-de-210-m-du-fonds-lios-specialise-en-agroalimentaire\/","name":"Power Sustainable annonce la premi\u00e8re cl\u00f4ture de 210\u00a0M$ du fonds Lios I sp\u00e9cialis\u00e9 en agroalimentaire - Power Sustainable Lios","isPartOf":{"@id":"https:\/\/powersustainablelios.com\/#website"},"primaryImageOfPage":{"@id":"https:\/\/powersustainablelios.com\/fr\/power-sustainable-annonce-la-premiere-cloture-de-210-m-du-fonds-lios-specialise-en-agroalimentaire\/#primaryimage"},"image":{"@id":"https:\/\/powersustainablelios.com\/fr\/power-sustainable-annonce-la-premiere-cloture-de-210-m-du-fonds-lios-specialise-en-agroalimentaire\/#primaryimage"},"thumbnailUrl":"https:\/\/powersustainablelios.com\/wp-content\/uploads\/2022\/06\/investing_in_sustainability_panel_image_0_75_2800_banner_fr_3.png","datePublished":"2022-06-15T11:55:07+00:00","dateModified":"2022-06-15T12:10:52+00:00","breadcrumb":{"@id":"https:\/\/powersustainablelios.com\/fr\/power-sustainable-annonce-la-premiere-cloture-de-210-m-du-fonds-lios-specialise-en-agroalimentaire\/#breadcrumb"},"inLanguage":"fr-CA","potentialAction":[{"@type":"ReadAction","target":["https:\/\/powersustainablelios.com\/fr\/power-sustainable-annonce-la-premiere-cloture-de-210-m-du-fonds-lios-specialise-en-agroalimentaire\/"]}]},{"@type":"ImageObject","inLanguage":"fr-CA","@id":"https:\/\/powersustainablelios.com\/fr\/power-sustainable-annonce-la-premiere-cloture-de-210-m-du-fonds-lios-specialise-en-agroalimentaire\/#primaryimage","url":"https:\/\/powersustainablelios.com\/wp-content\/uploads\/2022\/06\/investing_in_sustainability_panel_image_0_75_2800_banner_fr_3.png","contentUrl":"https:\/\/powersustainablelios.com\/wp-content\/uploads\/2022\/06\/investing_in_sustainability_panel_image_0_75_2800_banner_fr_3.png","width":1536,"height":552,"caption":"Power Sustainable annonce la premi\u00e8re cl\u00f4ture de 210\u00a0M$ du fonds Lios | sp\u00e9cialis\u00e9 en agroalimentaire"},{"@type":"BreadcrumbList","@id":"https:\/\/powersustainablelios.com\/fr\/power-sustainable-annonce-la-premiere-cloture-de-210-m-du-fonds-lios-specialise-en-agroalimentaire\/#breadcrumb","itemListElement":[{"@type":"ListItem","position":1,"name":"Home","item":"https:\/\/powersustainablelios.com\/fr\/"},{"@type":"ListItem","position":2,"name":"Power Sustainable annonce la premi\u00e8re cl\u00f4ture de 210\u00a0M$ du fonds Lios I sp\u00e9cialis\u00e9 en agroalimentaire"}]},{"@type":"WebSite","@id":"https:\/\/powersustainablelios.com\/#website","url":"https:\/\/powersustainablelios.com\/","name":"Power Sustainable Lios","description":"","publisher":{"@id":"https:\/\/powersustainablelios.com\/#organization"},"potentialAction":[{"@type":"SearchAction","target":{"@type":"EntryPoint","urlTemplate":"https:\/\/powersustainablelios.com\/?s={search_term_string}"},"query-input":{"@type":"PropertyValueSpecification","valueRequired":true,"valueName":"search_term_string"}}],"inLanguage":"fr-CA"},{"@type":"Organization","@id":"https:\/\/powersustainablelios.com\/#organization","name":"Power Sustainable Lios","url":"https:\/\/powersustainablelios.com\/","logo":{"@type":"ImageObject","inLanguage":"fr-CA","@id":"https:\/\/powersustainablelios.com\/#\/schema\/logo\/image\/","url":"https:\/\/powersustainablelios.com\/wp-content\/uploads\/2022\/03\/PowerSustainable_Lios_Red.png","contentUrl":"https:\/\/powersustainablelios.com\/wp-content\/uploads\/2022\/03\/PowerSustainable_Lios_Red.png","width":745,"height":166,"caption":"Power Sustainable Lios"},"image":{"@id":"https:\/\/powersustainablelios.com\/#\/schema\/logo\/image\/"}},{"@type":"Person","@id":"https:\/\/powersustainablelios.com\/#\/schema\/person\/6596d538e29bd4bb483e9f389b89d9bc","name":"TedADM1eD3","image":{"@type":"ImageObject","inLanguage":"fr-CA","@id":"https:\/\/secure.gravatar.com\/avatar\/2ecef7e38b3eb3e8647895e372a15f587c1831a61f0c19a241a7e6002711c676?s=96&d=mm&r=g","url":"https:\/\/secure.gravatar.com\/avatar\/2ecef7e38b3eb3e8647895e372a15f587c1831a61f0c19a241a7e6002711c676?s=96&d=mm&r=g","contentUrl":"https:\/\/secure.gravatar.com\/avatar\/2ecef7e38b3eb3e8647895e372a15f587c1831a61f0c19a241a7e6002711c676?s=96&d=mm&r=g","caption":"TedADM1eD3"},"sameAs":["http:\/\/powersustainablelios.com"]}]}},"_links":{"self":[{"href":"https:\/\/powersustainablelios.com\/fr\/wp-json\/wp\/v2\/posts\/4780","targetHints":{"allow":["GET"]}}],"collection":[{"href":"https:\/\/powersustainablelios.com\/fr\/wp-json\/wp\/v2\/posts"}],"about":[{"href":"https:\/\/powersustainablelios.com\/fr\/wp-json\/wp\/v2\/types\/post"}],"author":[{"embeddable":true,"href":"https:\/\/powersustainablelios.com\/fr\/wp-json\/wp\/v2\/users\/1"}],"replies":[{"embeddable":true,"href":"https:\/\/powersustainablelios.com\/fr\/wp-json\/wp\/v2\/comments?post=4780"}],"version-history":[{"count":9,"href":"https:\/\/powersustainablelios.com\/fr\/wp-json\/wp\/v2\/posts\/4780\/revisions"}],"predecessor-version":[{"id":4804,"href":"https:\/\/powersustainablelios.com\/fr\/wp-json\/wp\/v2\/posts\/4780\/revisions\/4804"}],"wp:featuredmedia":[{"embeddable":true,"href":"https:\/\/powersustainablelios.com\/fr\/wp-json\/wp\/v2\/media\/4802"}],"wp:attachment":[{"href":"https:\/\/powersustainablelios.com\/fr\/wp-json\/wp\/v2\/media?parent=4780"}],"wp:term":[{"taxonomy":"category","embeddable":true,"href":"https:\/\/powersustainablelios.com\/fr\/wp-json\/wp\/v2\/categories?post=4780"},{"taxonomy":"post_tag","embeddable":true,"href":"https:\/\/powersustainablelios.com\/fr\/wp-json\/wp\/v2\/tags?post=4780"}],"curies":[{"name":"wp","href":"https:\/\/api.w.org\/{rel}","templated":true}]}}