{"id":4143,"date":"2022-04-04T13:30:45","date_gmt":"2022-04-04T17:30:45","guid":{"rendered":"https:\/\/powersustainablelios.com\/?p=4143"},"modified":"2022-04-06T12:08:42","modified_gmt":"2022-04-06T16:08:42","slug":"power-etend-ses-investissements-durables-dans-lagroalimentaire","status":"publish","type":"post","link":"https:\/\/powersustainablelios.com\/fr\/power-etend-ses-investissements-durables-dans-lagroalimentaire\/","title":{"rendered":"Power \u00e9tend ses investissements durables dans l\u2019agroalimentaire"},"content":{"rendered":"<p>31 mars 2022<\/p>\n<p><a href=\"https:\/\/www.lapresse.ca\/affaires\/2022-03-31\/power-etend-ses-investissements-durables-dans-l-agroalimentaire.php\">La Presse<\/a> &#8211; Richard Dufour<\/p>\n<p><strong>Le conglom\u00e9rat financier montr\u00e9alais Power Corporation \u00e9tend ses investissements durables au secteur agroalimentaire avec la cr\u00e9ation d\u2019un fonds de 300 millions pour des entreprises de taille moyenne en Am\u00e9rique du Nord.<\/strong><\/p>\n<p class=\"paragraph textModule textModule--type-paragraph \">Les investissements seront r\u00e9alis\u00e9s par une plateforme de la filiale Power Sustainable, qui se donne pour mission de soutenir la transformation durable du syst\u00e8me alimentaire.<\/p>\n<p class=\"paragraph textModule textModule--type-paragraph \">En raison de la quantit\u00e9 d\u2019aliments p\u00e9rim\u00e9s, de la population mondiale grandissante, des ressources limit\u00e9es qui risquent de s\u2019\u00e9puiser et des d\u00e9fis environnementaux \u00e0 relever, le besoin d\u2019avoir un syst\u00e8me alimentaire plus durable est \u00ab\u00a0criant\u00a0\u00bb, soutient Power Sustainable.<\/p>\n<p class=\"paragraph textModule textModule--type-paragraph \">Le d\u00e9ploiement des 300 millions est envisag\u00e9 sur un horizon de deux \u00e0 trois ans, et jusqu\u2019\u00e0 une dizaine d\u2019entreprises pourraient b\u00e9n\u00e9ficier de l\u2019aide de Power. Des investissements allant de 25 \u00e0 50 millions par entreprise sont envisag\u00e9s.<\/p>\n<p class=\"paragraph textModule textModule--type-paragraph \">\u00ab\u00a0Nous avons d\u00e9j\u00e0 un pipeline robuste d\u2019opportunit\u00e9s \u00e0 travers le Canada et les \u00c9tats-Unis\u00a0\u00bb, a comment\u00e9 en entrevue David Gagnon, associ\u00e9 chez Power Sustainable.<\/p>\n<p class=\"paragraph textModule textModule--type-paragraph \">Les dirigeants envisagent notamment d\u2019investir dans des entreprises du Qu\u00e9bec.<\/p>\n<div class=\"quote\">\n<div>\n<p class=\"quoteText\">\u00ab Le Qu\u00e9bec est un p\u00f4le tr\u00e8s important au niveau agroalimentaire au pays. \u00bb David Gagnon, associ\u00e9 chez Power Sustainable<\/p>\n<\/div>\n<\/div>\n<p class=\"paragraph textModule textModule--type-paragraph \">\u00ab\u00a0Il y a une opportunit\u00e9 pour d\u00e9ployer beaucoup de capitaux pour aider les entreprises du secteur agroalimentaire \u00e0 transformer leurs activit\u00e9s vers le durable. C\u2019est \u00e0 travers toute la cha\u00eene de cr\u00e9ation de valeur agroalimentaire qu\u2019on essaie d\u2019intervenir\u00a0\u00bb, pr\u00e9cise-t-il.<\/p>\n<p class=\"paragraph textModule textModule--type-paragraph \">La strat\u00e9gie d\u2019investissement a \u00e9t\u00e9 \u00e9labor\u00e9e par Lios Partners, une firme de Toronto fond\u00e9e l\u2019ann\u00e9e derni\u00e8re. Les dirigeants de Lios \u2013 Jonathan Belair, Craig Hanna et James Rickert \u2013 ont d\u00e9cid\u00e9 de se joindre \u00e0 Power Sustainable.<\/p>\n<h3 class=\"textModule textModule--type-subhead \">Expertise et connectivit\u00e9<\/h3>\n<p class=\"paragraph textModule textModule--type-paragraph \">Outre les capitaux, David Gagnon indique que Power Sustainable apportera expertise et connectivit\u00e9 aux entreprises. \u00ab\u00a0Jonathan Belair, Craig Hanna et James Rickert ont tous de l\u2019exp\u00e9rience au niveau op\u00e9rationnel dans des entreprises du secteur agroalimentaire. Ils peuvent apporter des solutions aux entrepreneurs qui font face \u00e0 des probl\u00e9matiques li\u00e9es \u00e0 l\u2019investissement durable.\u00a0\u00bb<\/p>\n<p class=\"paragraph textModule textModule--type-paragraph \">Il souligne par exemple que Jonathan Belair a d\u00e9j\u00e0 travaill\u00e9 chez McCain dans le pass\u00e9.<\/p>\n<p class=\"paragraph textModule textModule--type-paragraph \">Les entreprises de taille moyenne recherch\u00e9es g\u00e9n\u00e8rent typiquement un chiffre d\u2019affaires annuel approximatif de 150\u00a0millions.<\/p>\n<p class=\"paragraph textModule textModule--type-paragraph \">Des discussions se d\u00e9roulent actuellement avec quelques entreprises, et le premier investissement du fonds devrait se concr\u00e9tiser au cours des prochains mois.<\/p>\n<p class=\"paragraph textModule textModule--type-paragraph \">\u00ab\u00a0Le secteur de l\u2019agroalimentaire est en pleine croissance et nous comptons influencer positivement la cha\u00eene alimentaire nord-am\u00e9ricaine, tant du point de vue de la sant\u00e9 des entreprises qui y \u00e9voluent que de celui de notre plan\u00e8te\u00a0\u00bb, indique de son c\u00f4t\u00e9, par courriel, Olivier Desmarais, pr\u00e9sident du conseil et chef de la direction de Power Sustainable.<\/p>\n<div class=\"quote\">\n<div>\n<p class=\"quoteText\">\u00ab Pour nous, le d\u00e9veloppement durable est le ma\u00eetre-mot : notre strat\u00e9gie, ici, comme sur toutes nos plateformes, vise \u00e0 la fois des rendements attrayants et un impact positif sur la soci\u00e9t\u00e9. \u00bb Olivier Desmarais, pr\u00e9sident du conseil et chef de la direction de Power Sustainable<\/p>\n<\/div>\n<\/div>\n<p class=\"paragraph textModule textModule--type-paragraph \">Pour former son fonds de 300\u00a0millions dont la cl\u00f4ture est pr\u00e9vue ce printemps, Power Sustainable a re\u00e7u des promesses d\u2019engagements d\u2019institutions nord-am\u00e9ricaines.<\/p>\n<p class=\"paragraph textModule textModule--type-paragraph \">Outre ce nouveau fonds sp\u00e9cialis\u00e9 en agroalimentaire, Power Sustainable g\u00e8re un fonds d\u2019\u00e9nergie renouvelable lanc\u00e9 l\u2019an pass\u00e9, des participations en actions dans des soci\u00e9t\u00e9s chinoises publiques, ainsi que des investissements directs au Canada (Lion \u00c9lectrique et Lumenpulse).<\/p>\n<p class=\"paragraph textModule textModule--type-paragraph \">Power Sustainable, dont l\u2019actif sous gestion s\u2019\u00e9l\u00e8ve \u00e0 environ 4,2\u00a0milliards, ambitionne par ailleurs de lancer d\u2019autres plateformes en investissement durable dans les prochaines ann\u00e9es.<\/p>\n","protected":false},"excerpt":{"rendered":"<p>Le conglom\u00e9rat financier montr\u00e9alais Power Corporation \u00e9tend ses investissements durables au secteur agroalimentaire avec la cr\u00e9ation d\u2019un fonds de 300 millions pour des entreprises de taille moyenne en Am\u00e9rique du Nord.<\/p>\n","protected":false},"author":5,"featured_media":4155,"comment_status":"closed","ping_status":"closed","sticky":false,"template":"","format":"standard","meta":{"_acf_changed":false,"inline_featured_image":false,"footnotes":""},"categories":[24],"tags":[],"class_list":["post-4143","post","type-post","status-publish","format-standard","has-post-thumbnail","hentry","category-la-presse-2"],"acf":[],"yoast_head":"<!-- This site is optimized with the Yoast SEO plugin v27.5 - https:\/\/yoast.com\/product\/yoast-seo-wordpress\/ -->\n<title>Power \u00e9tend ses investissements durables dans l\u2019agroalimentaire - Power Sustainable Lios<\/title>\n<meta name=\"robots\" content=\"index, follow, max-snippet:-1, max-image-preview:large, max-video-preview:-1\" \/>\n<link rel=\"canonical\" href=\"https:\/\/powersustainablelios.com\/fr\/power-etend-ses-investissements-durables-dans-lagroalimentaire\/\" \/>\n<meta property=\"og:locale\" content=\"fr_CA\" \/>\n<meta property=\"og:type\" content=\"article\" \/>\n<meta property=\"og:title\" content=\"Power \u00e9tend ses investissements durables dans l\u2019agroalimentaire - Power Sustainable Lios\" \/>\n<meta property=\"og:description\" content=\"Le conglom\u00e9rat financier montr\u00e9alais Power Corporation \u00e9tend ses investissements durables au secteur agroalimentaire avec la cr\u00e9ation d\u2019un fonds de 300 millions pour des entreprises de taille moyenne en Am\u00e9rique du Nord.\" \/>\n<meta property=\"og:url\" content=\"https:\/\/powersustainablelios.com\/fr\/power-etend-ses-investissements-durables-dans-lagroalimentaire\/\" \/>\n<meta property=\"og:site_name\" content=\"Power Sustainable Lios\" \/>\n<meta property=\"article:published_time\" content=\"2022-04-04T17:30:45+00:00\" \/>\n<meta property=\"article:modified_time\" content=\"2022-04-06T16:08:42+00:00\" \/>\n<meta property=\"og:image\" content=\"https:\/\/powersustainablelios.com\/wp-content\/uploads\/2022\/04\/PSL3.jpg\" \/>\n\t<meta property=\"og:image:width\" content=\"924\" \/>\n\t<meta property=\"og:image:height\" content=\"616\" \/>\n\t<meta property=\"og:image:type\" content=\"image\/jpeg\" \/>\n<meta name=\"author\" content=\"Genevi\u00e8ve Lambert-Rouleau\" \/>\n<meta name=\"twitter:card\" content=\"summary_large_image\" \/>\n<meta name=\"twitter:label1\" content=\"\u00c9crit par\" \/>\n\t<meta name=\"twitter:data1\" content=\"Genevi\u00e8ve Lambert-Rouleau\" \/>\n\t<meta name=\"twitter:label2\" content=\"Estimation du temps de lecture\" \/>\n\t<meta name=\"twitter:data2\" content=\"3 minutes\" \/>\n<script type=\"application\/ld+json\" class=\"yoast-schema-graph\">{\"@context\":\"https:\\\/\\\/schema.org\",\"@graph\":[{\"@type\":\"Article\",\"@id\":\"https:\\\/\\\/powersustainablelios.com\\\/fr\\\/power-etend-ses-investissements-durables-dans-lagroalimentaire\\\/#article\",\"isPartOf\":{\"@id\":\"https:\\\/\\\/powersustainablelios.com\\\/fr\\\/power-etend-ses-investissements-durables-dans-lagroalimentaire\\\/\"},\"author\":{\"name\":\"Genevi\u00e8ve Lambert-Rouleau\",\"@id\":\"https:\\\/\\\/powersustainablelios.com\\\/#\\\/schema\\\/person\\\/b9276b1b04203d7ad5c296ac2c5ded04\"},\"headline\":\"Power \u00e9tend ses investissements durables dans l\u2019agroalimentaire\",\"datePublished\":\"2022-04-04T17:30:45+00:00\",\"dateModified\":\"2022-04-06T16:08:42+00:00\",\"mainEntityOfPage\":{\"@id\":\"https:\\\/\\\/powersustainablelios.com\\\/fr\\\/power-etend-ses-investissements-durables-dans-lagroalimentaire\\\/\"},\"wordCount\":632,\"publisher\":{\"@id\":\"https:\\\/\\\/powersustainablelios.com\\\/#organization\"},\"image\":{\"@id\":\"https:\\\/\\\/powersustainablelios.com\\\/fr\\\/power-etend-ses-investissements-durables-dans-lagroalimentaire\\\/#primaryimage\"},\"thumbnailUrl\":\"https:\\\/\\\/powersustainablelios.com\\\/wp-content\\\/uploads\\\/2022\\\/04\\\/PSL3.jpg\",\"articleSection\":[\"La Presse\"],\"inLanguage\":\"fr-CA\"},{\"@type\":\"WebPage\",\"@id\":\"https:\\\/\\\/powersustainablelios.com\\\/fr\\\/power-etend-ses-investissements-durables-dans-lagroalimentaire\\\/\",\"url\":\"https:\\\/\\\/powersustainablelios.com\\\/fr\\\/power-etend-ses-investissements-durables-dans-lagroalimentaire\\\/\",\"name\":\"Power \u00e9tend ses investissements durables dans l\u2019agroalimentaire - Power Sustainable Lios\",\"isPartOf\":{\"@id\":\"https:\\\/\\\/powersustainablelios.com\\\/#website\"},\"primaryImageOfPage\":{\"@id\":\"https:\\\/\\\/powersustainablelios.com\\\/fr\\\/power-etend-ses-investissements-durables-dans-lagroalimentaire\\\/#primaryimage\"},\"image\":{\"@id\":\"https:\\\/\\\/powersustainablelios.com\\\/fr\\\/power-etend-ses-investissements-durables-dans-lagroalimentaire\\\/#primaryimage\"},\"thumbnailUrl\":\"https:\\\/\\\/powersustainablelios.com\\\/wp-content\\\/uploads\\\/2022\\\/04\\\/PSL3.jpg\",\"datePublished\":\"2022-04-04T17:30:45+00:00\",\"dateModified\":\"2022-04-06T16:08:42+00:00\",\"breadcrumb\":{\"@id\":\"https:\\\/\\\/powersustainablelios.com\\\/fr\\\/power-etend-ses-investissements-durables-dans-lagroalimentaire\\\/#breadcrumb\"},\"inLanguage\":\"fr-CA\",\"potentialAction\":[{\"@type\":\"ReadAction\",\"target\":[\"https:\\\/\\\/powersustainablelios.com\\\/fr\\\/power-etend-ses-investissements-durables-dans-lagroalimentaire\\\/\"]}]},{\"@type\":\"ImageObject\",\"inLanguage\":\"fr-CA\",\"@id\":\"https:\\\/\\\/powersustainablelios.com\\\/fr\\\/power-etend-ses-investissements-durables-dans-lagroalimentaire\\\/#primaryimage\",\"url\":\"https:\\\/\\\/powersustainablelios.com\\\/wp-content\\\/uploads\\\/2022\\\/04\\\/PSL3.jpg\",\"contentUrl\":\"https:\\\/\\\/powersustainablelios.com\\\/wp-content\\\/uploads\\\/2022\\\/04\\\/PSL3.jpg\",\"width\":924,\"height\":616},{\"@type\":\"BreadcrumbList\",\"@id\":\"https:\\\/\\\/powersustainablelios.com\\\/fr\\\/power-etend-ses-investissements-durables-dans-lagroalimentaire\\\/#breadcrumb\",\"itemListElement\":[{\"@type\":\"ListItem\",\"position\":1,\"name\":\"Home\",\"item\":\"https:\\\/\\\/powersustainablelios.com\\\/fr\\\/\"},{\"@type\":\"ListItem\",\"position\":2,\"name\":\"Power \u00e9tend ses investissements durables dans l\u2019agroalimentaire\"}]},{\"@type\":\"WebSite\",\"@id\":\"https:\\\/\\\/powersustainablelios.com\\\/#website\",\"url\":\"https:\\\/\\\/powersustainablelios.com\\\/\",\"name\":\"Power Sustainable Lios\",\"description\":\"\",\"publisher\":{\"@id\":\"https:\\\/\\\/powersustainablelios.com\\\/#organization\"},\"potentialAction\":[{\"@type\":\"SearchAction\",\"target\":{\"@type\":\"EntryPoint\",\"urlTemplate\":\"https:\\\/\\\/powersustainablelios.com\\\/?s={search_term_string}\"},\"query-input\":{\"@type\":\"PropertyValueSpecification\",\"valueRequired\":true,\"valueName\":\"search_term_string\"}}],\"inLanguage\":\"fr-CA\"},{\"@type\":\"Organization\",\"@id\":\"https:\\\/\\\/powersustainablelios.com\\\/#organization\",\"name\":\"Power Sustainable Lios\",\"url\":\"https:\\\/\\\/powersustainablelios.com\\\/\",\"logo\":{\"@type\":\"ImageObject\",\"inLanguage\":\"fr-CA\",\"@id\":\"https:\\\/\\\/powersustainablelios.com\\\/#\\\/schema\\\/logo\\\/image\\\/\",\"url\":\"https:\\\/\\\/powersustainablelios.com\\\/wp-content\\\/uploads\\\/2022\\\/03\\\/PowerSustainable_Lios_Red.png\",\"contentUrl\":\"https:\\\/\\\/powersustainablelios.com\\\/wp-content\\\/uploads\\\/2022\\\/03\\\/PowerSustainable_Lios_Red.png\",\"width\":745,\"height\":166,\"caption\":\"Power Sustainable Lios\"},\"image\":{\"@id\":\"https:\\\/\\\/powersustainablelios.com\\\/#\\\/schema\\\/logo\\\/image\\\/\"}},{\"@type\":\"Person\",\"@id\":\"https:\\\/\\\/powersustainablelios.com\\\/#\\\/schema\\\/person\\\/b9276b1b04203d7ad5c296ac2c5ded04\",\"name\":\"Genevi\u00e8ve Lambert-Rouleau\",\"image\":{\"@type\":\"ImageObject\",\"inLanguage\":\"fr-CA\",\"@id\":\"https:\\\/\\\/secure.gravatar.com\\\/avatar\\\/898320d7140681e617d4b1063238d451e0a12eac7a97e0235b4f8465ffb9a801?s=96&d=mm&r=g\",\"url\":\"https:\\\/\\\/secure.gravatar.com\\\/avatar\\\/898320d7140681e617d4b1063238d451e0a12eac7a97e0235b4f8465ffb9a801?s=96&d=mm&r=g\",\"contentUrl\":\"https:\\\/\\\/secure.gravatar.com\\\/avatar\\\/898320d7140681e617d4b1063238d451e0a12eac7a97e0235b4f8465ffb9a801?s=96&d=mm&r=g\",\"caption\":\"Genevi\u00e8ve Lambert-Rouleau\"}}]}<\/script>\n<!-- \/ Yoast SEO plugin. -->","yoast_head_json":{"title":"Power \u00e9tend ses investissements durables dans l\u2019agroalimentaire - Power Sustainable Lios","robots":{"index":"index","follow":"follow","max-snippet":"max-snippet:-1","max-image-preview":"max-image-preview:large","max-video-preview":"max-video-preview:-1"},"canonical":"https:\/\/powersustainablelios.com\/fr\/power-etend-ses-investissements-durables-dans-lagroalimentaire\/","og_locale":"fr_CA","og_type":"article","og_title":"Power \u00e9tend ses investissements durables dans l\u2019agroalimentaire - Power Sustainable Lios","og_description":"Le conglom\u00e9rat financier montr\u00e9alais Power Corporation \u00e9tend ses investissements durables au secteur agroalimentaire avec la cr\u00e9ation d\u2019un fonds de 300 millions pour des entreprises de taille moyenne en Am\u00e9rique du Nord.","og_url":"https:\/\/powersustainablelios.com\/fr\/power-etend-ses-investissements-durables-dans-lagroalimentaire\/","og_site_name":"Power Sustainable Lios","article_published_time":"2022-04-04T17:30:45+00:00","article_modified_time":"2022-04-06T16:08:42+00:00","og_image":[{"width":924,"height":616,"url":"https:\/\/powersustainablelios.com\/wp-content\/uploads\/2022\/04\/PSL3.jpg","type":"image\/jpeg"}],"author":"Genevi\u00e8ve Lambert-Rouleau","twitter_card":"summary_large_image","twitter_misc":{"\u00c9crit par":"Genevi\u00e8ve Lambert-Rouleau","Estimation du temps de lecture":"3 minutes"},"schema":{"@context":"https:\/\/schema.org","@graph":[{"@type":"Article","@id":"https:\/\/powersustainablelios.com\/fr\/power-etend-ses-investissements-durables-dans-lagroalimentaire\/#article","isPartOf":{"@id":"https:\/\/powersustainablelios.com\/fr\/power-etend-ses-investissements-durables-dans-lagroalimentaire\/"},"author":{"name":"Genevi\u00e8ve Lambert-Rouleau","@id":"https:\/\/powersustainablelios.com\/#\/schema\/person\/b9276b1b04203d7ad5c296ac2c5ded04"},"headline":"Power \u00e9tend ses investissements durables dans l\u2019agroalimentaire","datePublished":"2022-04-04T17:30:45+00:00","dateModified":"2022-04-06T16:08:42+00:00","mainEntityOfPage":{"@id":"https:\/\/powersustainablelios.com\/fr\/power-etend-ses-investissements-durables-dans-lagroalimentaire\/"},"wordCount":632,"publisher":{"@id":"https:\/\/powersustainablelios.com\/#organization"},"image":{"@id":"https:\/\/powersustainablelios.com\/fr\/power-etend-ses-investissements-durables-dans-lagroalimentaire\/#primaryimage"},"thumbnailUrl":"https:\/\/powersustainablelios.com\/wp-content\/uploads\/2022\/04\/PSL3.jpg","articleSection":["La Presse"],"inLanguage":"fr-CA"},{"@type":"WebPage","@id":"https:\/\/powersustainablelios.com\/fr\/power-etend-ses-investissements-durables-dans-lagroalimentaire\/","url":"https:\/\/powersustainablelios.com\/fr\/power-etend-ses-investissements-durables-dans-lagroalimentaire\/","name":"Power \u00e9tend ses investissements durables dans l\u2019agroalimentaire - Power Sustainable Lios","isPartOf":{"@id":"https:\/\/powersustainablelios.com\/#website"},"primaryImageOfPage":{"@id":"https:\/\/powersustainablelios.com\/fr\/power-etend-ses-investissements-durables-dans-lagroalimentaire\/#primaryimage"},"image":{"@id":"https:\/\/powersustainablelios.com\/fr\/power-etend-ses-investissements-durables-dans-lagroalimentaire\/#primaryimage"},"thumbnailUrl":"https:\/\/powersustainablelios.com\/wp-content\/uploads\/2022\/04\/PSL3.jpg","datePublished":"2022-04-04T17:30:45+00:00","dateModified":"2022-04-06T16:08:42+00:00","breadcrumb":{"@id":"https:\/\/powersustainablelios.com\/fr\/power-etend-ses-investissements-durables-dans-lagroalimentaire\/#breadcrumb"},"inLanguage":"fr-CA","potentialAction":[{"@type":"ReadAction","target":["https:\/\/powersustainablelios.com\/fr\/power-etend-ses-investissements-durables-dans-lagroalimentaire\/"]}]},{"@type":"ImageObject","inLanguage":"fr-CA","@id":"https:\/\/powersustainablelios.com\/fr\/power-etend-ses-investissements-durables-dans-lagroalimentaire\/#primaryimage","url":"https:\/\/powersustainablelios.com\/wp-content\/uploads\/2022\/04\/PSL3.jpg","contentUrl":"https:\/\/powersustainablelios.com\/wp-content\/uploads\/2022\/04\/PSL3.jpg","width":924,"height":616},{"@type":"BreadcrumbList","@id":"https:\/\/powersustainablelios.com\/fr\/power-etend-ses-investissements-durables-dans-lagroalimentaire\/#breadcrumb","itemListElement":[{"@type":"ListItem","position":1,"name":"Home","item":"https:\/\/powersustainablelios.com\/fr\/"},{"@type":"ListItem","position":2,"name":"Power \u00e9tend ses investissements durables dans l\u2019agroalimentaire"}]},{"@type":"WebSite","@id":"https:\/\/powersustainablelios.com\/#website","url":"https:\/\/powersustainablelios.com\/","name":"Power Sustainable Lios","description":"","publisher":{"@id":"https:\/\/powersustainablelios.com\/#organization"},"potentialAction":[{"@type":"SearchAction","target":{"@type":"EntryPoint","urlTemplate":"https:\/\/powersustainablelios.com\/?s={search_term_string}"},"query-input":{"@type":"PropertyValueSpecification","valueRequired":true,"valueName":"search_term_string"}}],"inLanguage":"fr-CA"},{"@type":"Organization","@id":"https:\/\/powersustainablelios.com\/#organization","name":"Power Sustainable Lios","url":"https:\/\/powersustainablelios.com\/","logo":{"@type":"ImageObject","inLanguage":"fr-CA","@id":"https:\/\/powersustainablelios.com\/#\/schema\/logo\/image\/","url":"https:\/\/powersustainablelios.com\/wp-content\/uploads\/2022\/03\/PowerSustainable_Lios_Red.png","contentUrl":"https:\/\/powersustainablelios.com\/wp-content\/uploads\/2022\/03\/PowerSustainable_Lios_Red.png","width":745,"height":166,"caption":"Power Sustainable Lios"},"image":{"@id":"https:\/\/powersustainablelios.com\/#\/schema\/logo\/image\/"}},{"@type":"Person","@id":"https:\/\/powersustainablelios.com\/#\/schema\/person\/b9276b1b04203d7ad5c296ac2c5ded04","name":"Genevi\u00e8ve Lambert-Rouleau","image":{"@type":"ImageObject","inLanguage":"fr-CA","@id":"https:\/\/secure.gravatar.com\/avatar\/898320d7140681e617d4b1063238d451e0a12eac7a97e0235b4f8465ffb9a801?s=96&d=mm&r=g","url":"https:\/\/secure.gravatar.com\/avatar\/898320d7140681e617d4b1063238d451e0a12eac7a97e0235b4f8465ffb9a801?s=96&d=mm&r=g","contentUrl":"https:\/\/secure.gravatar.com\/avatar\/898320d7140681e617d4b1063238d451e0a12eac7a97e0235b4f8465ffb9a801?s=96&d=mm&r=g","caption":"Genevi\u00e8ve Lambert-Rouleau"}}]}},"_links":{"self":[{"href":"https:\/\/powersustainablelios.com\/fr\/wp-json\/wp\/v2\/posts\/4143","targetHints":{"allow":["GET"]}}],"collection":[{"href":"https:\/\/powersustainablelios.com\/fr\/wp-json\/wp\/v2\/posts"}],"about":[{"href":"https:\/\/powersustainablelios.com\/fr\/wp-json\/wp\/v2\/types\/post"}],"author":[{"embeddable":true,"href":"https:\/\/powersustainablelios.com\/fr\/wp-json\/wp\/v2\/users\/5"}],"replies":[{"embeddable":true,"href":"https:\/\/powersustainablelios.com\/fr\/wp-json\/wp\/v2\/comments?post=4143"}],"version-history":[{"count":11,"href":"https:\/\/powersustainablelios.com\/fr\/wp-json\/wp\/v2\/posts\/4143\/revisions"}],"predecessor-version":[{"id":4277,"href":"https:\/\/powersustainablelios.com\/fr\/wp-json\/wp\/v2\/posts\/4143\/revisions\/4277"}],"wp:featuredmedia":[{"embeddable":true,"href":"https:\/\/powersustainablelios.com\/fr\/wp-json\/wp\/v2\/media\/4155"}],"wp:attachment":[{"href":"https:\/\/powersustainablelios.com\/fr\/wp-json\/wp\/v2\/media?parent=4143"}],"wp:term":[{"taxonomy":"category","embeddable":true,"href":"https:\/\/powersustainablelios.com\/fr\/wp-json\/wp\/v2\/categories?post=4143"},{"taxonomy":"post_tag","embeddable":true,"href":"https:\/\/powersustainablelios.com\/fr\/wp-json\/wp\/v2\/tags?post=4143"}],"curies":[{"name":"wp","href":"https:\/\/api.w.org\/{rel}","templated":true}]}}